{"id":1656,"date":"2021-06-14T11:44:32","date_gmt":"2021-06-14T09:44:32","guid":{"rendered":"http:\/\/s356347997.online.de\/uncategorized\/me-expands-to-austria-and-switzerland\/"},"modified":"2021-07-21T17:03:45","modified_gmt":"2021-07-21T15:03:45","slug":"me-expands-to-austria-and-switzerland","status":"publish","type":"post","link":"https:\/\/me-international.de\/en\/news-and-events\/me-expands-to-austria-and-switzerland\/","title":{"rendered":"ME expands to Austria and Switzerland"},"content":{"rendered":"<p>ME International GmbH expands  their Petersime NV distribution for Austria and Switzerland. We would like to take the opportunity to thank Petersime for their trust. ME International is already Petersime agent in Germany since 1988. We see the new area as a reward for our positive and successful collaboration with Petersime! On a final note we would like to thank my business partner and friend Mr. Andr\u00e9 van Rij from AC Poultry International BV for his support. We are looking forward into an exciting and successful future!<\/p>\n","protected":false},"excerpt":{"rendered":"<p>ME International GmbH expands their Petersime NV distribution for Austria and Switzerland. We would like to take the opportunity to thank Petersime for their trust. ME International is already Petersime agent in Germany since 1988. We see the new area as a reward for our positive and successful collaboration with Petersime! On a final note [&hellip;]<\/p>\n","protected":false},"author":1,"featured_media":1668,"comment_status":"closed","ping_status":"closed","sticky":false,"template":"","format":"standard","meta":{"footnotes":""},"categories":[24],"tags":[],"class_list":["post-1656","post","type-post","status-publish","format-standard","has-post-thumbnail","hentry","category-news-and-events"],"yoast_head":"<!-- This site is optimized with the Yoast SEO plugin v23.2 - https:\/\/yoast.com\/wordpress\/plugins\/seo\/ -->\n<title>ME expands to Austria and Switzerland - ME International<\/title>\n<meta name=\"description\" content=\"ME International GmbH expands their Petersime NV distribution for Austria and Switzerland. We would like to take the opportunity to thank Petersime for\" \/>\n<meta name=\"robots\" content=\"index, follow, max-snippet:-1, max-image-preview:large, max-video-preview:-1\" \/>\n<link rel=\"canonical\" href=\"https:\/\/me-international.de\/en\/news-and-events\/me-expands-to-austria-and-switzerland\/\" \/>\n<meta property=\"og:locale\" content=\"en_US\" \/>\n<meta property=\"og:type\" content=\"article\" \/>\n<meta property=\"og:title\" content=\"ME expands to Austria and Switzerland - ME International\" \/>\n<meta property=\"og:description\" content=\"ME International GmbH expands their Petersime NV distribution for Austria and Switzerland. We would like to take the opportunity to thank Petersime for\" \/>\n<meta property=\"og:url\" content=\"https:\/\/me-international.de\/en\/news-and-events\/me-expands-to-austria-and-switzerland\/\" \/>\n<meta property=\"og:site_name\" content=\"ME International\" \/>\n<meta property=\"article:published_time\" content=\"2021-06-14T09:44:32+00:00\" \/>\n<meta property=\"article:modified_time\" content=\"2021-07-21T15:03:45+00:00\" \/>\n<meta property=\"og:image\" content=\"https:\/\/me-international.de\/wp-content\/uploads\/f3316fe8-022f-4afd-8c3c-d5149a72dd4b-original-1.jpg\" \/>\n\t<meta property=\"og:image:width\" content=\"1000\" \/>\n\t<meta property=\"og:image:height\" content=\"667\" \/>\n\t<meta property=\"og:image:type\" content=\"image\/jpeg\" \/>\n<meta name=\"author\" content=\"@dm1n\" \/>\n<meta name=\"twitter:card\" content=\"summary_large_image\" \/>\n<script type=\"application\/ld+json\" class=\"yoast-schema-graph\">{\"@context\":\"https:\/\/schema.org\",\"@graph\":[{\"@type\":\"NewsArticle\",\"@id\":\"https:\/\/me-international.de\/en\/news-and-events\/me-expands-to-austria-and-switzerland\/#article\",\"isPartOf\":{\"@id\":\"https:\/\/me-international.de\/en\/news-and-events\/me-expands-to-austria-and-switzerland\/\"},\"author\":{\"name\":\"@dm1n\",\"@id\":\"https:\/\/me-international.de\/en\/#\/schema\/person\/f0fbd1a7c11e714eb547f3500caaf071\"},\"headline\":\"ME expands to Austria and Switzerland\",\"datePublished\":\"2021-06-14T09:44:32+00:00\",\"dateModified\":\"2021-07-21T15:03:45+00:00\",\"mainEntityOfPage\":{\"@id\":\"https:\/\/me-international.de\/en\/news-and-events\/me-expands-to-austria-and-switzerland\/\"},\"wordCount\":92,\"publisher\":{\"@id\":\"https:\/\/me-international.de\/en\/#organization\"},\"image\":{\"@id\":\"https:\/\/me-international.de\/en\/news-and-events\/me-expands-to-austria-and-switzerland\/#primaryimage\"},\"thumbnailUrl\":\"https:\/\/me-international.de\/wp-content\/uploads\/f3316fe8-022f-4afd-8c3c-d5149a72dd4b-original-1.jpg\",\"articleSection\":[\"News &amp; Events\"],\"inLanguage\":\"en-US\"},{\"@type\":[\"WebPage\",\"ItemPage\"],\"@id\":\"https:\/\/me-international.de\/en\/news-and-events\/me-expands-to-austria-and-switzerland\/\",\"url\":\"https:\/\/me-international.de\/en\/news-and-events\/me-expands-to-austria-and-switzerland\/\",\"name\":\"ME expands to Austria and Switzerland - ME International\",\"isPartOf\":{\"@id\":\"https:\/\/me-international.de\/en\/#website\"},\"primaryImageOfPage\":{\"@id\":\"https:\/\/me-international.de\/en\/news-and-events\/me-expands-to-austria-and-switzerland\/#primaryimage\"},\"image\":{\"@id\":\"https:\/\/me-international.de\/en\/news-and-events\/me-expands-to-austria-and-switzerland\/#primaryimage\"},\"thumbnailUrl\":\"https:\/\/me-international.de\/wp-content\/uploads\/f3316fe8-022f-4afd-8c3c-d5149a72dd4b-original-1.jpg\",\"datePublished\":\"2021-06-14T09:44:32+00:00\",\"dateModified\":\"2021-07-21T15:03:45+00:00\",\"description\":\"ME International GmbH expands their Petersime NV distribution for Austria and Switzerland. We would like to take the opportunity to thank Petersime for\",\"breadcrumb\":{\"@id\":\"https:\/\/me-international.de\/en\/news-and-events\/me-expands-to-austria-and-switzerland\/#breadcrumb\"},\"inLanguage\":\"en-US\",\"potentialAction\":[{\"@type\":\"ReadAction\",\"target\":[\"https:\/\/me-international.de\/en\/news-and-events\/me-expands-to-austria-and-switzerland\/\"]}]},{\"@type\":\"ImageObject\",\"inLanguage\":\"en-US\",\"@id\":\"https:\/\/me-international.de\/en\/news-and-events\/me-expands-to-austria-and-switzerland\/#primaryimage\",\"url\":\"https:\/\/me-international.de\/wp-content\/uploads\/f3316fe8-022f-4afd-8c3c-d5149a72dd4b-original-1.jpg\",\"contentUrl\":\"https:\/\/me-international.de\/wp-content\/uploads\/f3316fe8-022f-4afd-8c3c-d5149a72dd4b-original-1.jpg\",\"width\":1000,\"height\":667,\"caption\":\"Die ME International GmbH erweitert ihren Petersime NV Vertrieb auf \u00d6sterreich und die Schweiz. Wir m\u00f6chten die Gelegenheit nutzen, Petersime f\u00fcr ihr Vertrauen zu danken.\"},{\"@type\":\"BreadcrumbList\",\"@id\":\"https:\/\/me-international.de\/en\/news-and-events\/me-expands-to-austria-and-switzerland\/#breadcrumb\",\"itemListElement\":[{\"@type\":\"ListItem\",\"position\":1,\"name\":\"News &amp; Events\",\"item\":\"https:\/\/me-international.de\/en\/news-and-events\/\"},{\"@type\":\"ListItem\",\"position\":2,\"name\":\"ME expands to Austria and Switzerland\"}]},{\"@type\":\"WebSite\",\"@id\":\"https:\/\/me-international.de\/en\/#website\",\"url\":\"https:\/\/me-international.de\/en\/\",\"name\":\"ME International\",\"description\":\"Mit unseren Produkten erleichtern wir die t\u00e4gliche Arbeit unseren Kunden auf der ganzen Welt und tragen zum Tierwohl bei.\",\"publisher\":{\"@id\":\"https:\/\/me-international.de\/en\/#organization\"},\"potentialAction\":[{\"@type\":\"SearchAction\",\"target\":{\"@type\":\"EntryPoint\",\"urlTemplate\":\"https:\/\/me-international.de\/en\/?s={search_term_string}\"},\"query-input\":\"required name=search_term_string\"}],\"inLanguage\":\"en-US\"},{\"@type\":\"Organization\",\"@id\":\"https:\/\/me-international.de\/en\/#organization\",\"name\":\"ME International\",\"url\":\"https:\/\/me-international.de\/en\/\",\"logo\":{\"@type\":\"ImageObject\",\"inLanguage\":\"en-US\",\"@id\":\"https:\/\/me-international.de\/en\/#\/schema\/logo\/image\/\",\"url\":\"https:\/\/me-international.de\/wp-content\/uploads\/cropped-logo_me-international-1.png\",\"contentUrl\":\"https:\/\/me-international.de\/wp-content\/uploads\/cropped-logo_me-international-1.png\",\"width\":500,\"height\":281,\"caption\":\"ME International\"},\"image\":{\"@id\":\"https:\/\/me-international.de\/en\/#\/schema\/logo\/image\/\"}},{\"@type\":\"Person\",\"@id\":\"https:\/\/me-international.de\/en\/#\/schema\/person\/f0fbd1a7c11e714eb547f3500caaf071\",\"name\":\"@dm1n\",\"image\":{\"@type\":\"ImageObject\",\"inLanguage\":\"en-US\",\"@id\":\"https:\/\/me-international.de\/en\/#\/schema\/person\/image\/\",\"url\":\"https:\/\/secure.gravatar.com\/avatar\/ceee8cbdab3215a28a59ca59cf617002?s=96&d=mm&r=g\",\"contentUrl\":\"https:\/\/secure.gravatar.com\/avatar\/ceee8cbdab3215a28a59ca59cf617002?s=96&d=mm&r=g\",\"caption\":\"@dm1n\"}}]}<\/script>\n<!-- \/ Yoast SEO plugin. -->","yoast_head_json":{"title":"ME expands to Austria and Switzerland - ME International","description":"ME International GmbH expands their Petersime NV distribution for Austria and Switzerland. We would like to take the opportunity to thank Petersime for","robots":{"index":"index","follow":"follow","max-snippet":"max-snippet:-1","max-image-preview":"max-image-preview:large","max-video-preview":"max-video-preview:-1"},"canonical":"https:\/\/me-international.de\/en\/news-and-events\/me-expands-to-austria-and-switzerland\/","og_locale":"en_US","og_type":"article","og_title":"ME expands to Austria and Switzerland - ME International","og_description":"ME International GmbH expands their Petersime NV distribution for Austria and Switzerland. We would like to take the opportunity to thank Petersime for","og_url":"https:\/\/me-international.de\/en\/news-and-events\/me-expands-to-austria-and-switzerland\/","og_site_name":"ME International","article_published_time":"2021-06-14T09:44:32+00:00","article_modified_time":"2021-07-21T15:03:45+00:00","og_image":[{"width":1000,"height":667,"url":"https:\/\/me-international.de\/wp-content\/uploads\/f3316fe8-022f-4afd-8c3c-d5149a72dd4b-original-1.jpg","type":"image\/jpeg"}],"author":"@dm1n","twitter_card":"summary_large_image","schema":{"@context":"https:\/\/schema.org","@graph":[{"@type":"NewsArticle","@id":"https:\/\/me-international.de\/en\/news-and-events\/me-expands-to-austria-and-switzerland\/#article","isPartOf":{"@id":"https:\/\/me-international.de\/en\/news-and-events\/me-expands-to-austria-and-switzerland\/"},"author":{"name":"@dm1n","@id":"https:\/\/me-international.de\/en\/#\/schema\/person\/f0fbd1a7c11e714eb547f3500caaf071"},"headline":"ME expands to Austria and Switzerland","datePublished":"2021-06-14T09:44:32+00:00","dateModified":"2021-07-21T15:03:45+00:00","mainEntityOfPage":{"@id":"https:\/\/me-international.de\/en\/news-and-events\/me-expands-to-austria-and-switzerland\/"},"wordCount":92,"publisher":{"@id":"https:\/\/me-international.de\/en\/#organization"},"image":{"@id":"https:\/\/me-international.de\/en\/news-and-events\/me-expands-to-austria-and-switzerland\/#primaryimage"},"thumbnailUrl":"https:\/\/me-international.de\/wp-content\/uploads\/f3316fe8-022f-4afd-8c3c-d5149a72dd4b-original-1.jpg","articleSection":["News &amp; Events"],"inLanguage":"en-US"},{"@type":["WebPage","ItemPage"],"@id":"https:\/\/me-international.de\/en\/news-and-events\/me-expands-to-austria-and-switzerland\/","url":"https:\/\/me-international.de\/en\/news-and-events\/me-expands-to-austria-and-switzerland\/","name":"ME expands to Austria and Switzerland - ME International","isPartOf":{"@id":"https:\/\/me-international.de\/en\/#website"},"primaryImageOfPage":{"@id":"https:\/\/me-international.de\/en\/news-and-events\/me-expands-to-austria-and-switzerland\/#primaryimage"},"image":{"@id":"https:\/\/me-international.de\/en\/news-and-events\/me-expands-to-austria-and-switzerland\/#primaryimage"},"thumbnailUrl":"https:\/\/me-international.de\/wp-content\/uploads\/f3316fe8-022f-4afd-8c3c-d5149a72dd4b-original-1.jpg","datePublished":"2021-06-14T09:44:32+00:00","dateModified":"2021-07-21T15:03:45+00:00","description":"ME International GmbH expands their Petersime NV distribution for Austria and Switzerland. We would like to take the opportunity to thank Petersime for","breadcrumb":{"@id":"https:\/\/me-international.de\/en\/news-and-events\/me-expands-to-austria-and-switzerland\/#breadcrumb"},"inLanguage":"en-US","potentialAction":[{"@type":"ReadAction","target":["https:\/\/me-international.de\/en\/news-and-events\/me-expands-to-austria-and-switzerland\/"]}]},{"@type":"ImageObject","inLanguage":"en-US","@id":"https:\/\/me-international.de\/en\/news-and-events\/me-expands-to-austria-and-switzerland\/#primaryimage","url":"https:\/\/me-international.de\/wp-content\/uploads\/f3316fe8-022f-4afd-8c3c-d5149a72dd4b-original-1.jpg","contentUrl":"https:\/\/me-international.de\/wp-content\/uploads\/f3316fe8-022f-4afd-8c3c-d5149a72dd4b-original-1.jpg","width":1000,"height":667,"caption":"Die ME International GmbH erweitert ihren Petersime NV Vertrieb auf \u00d6sterreich und die Schweiz. Wir m\u00f6chten die Gelegenheit nutzen, Petersime f\u00fcr ihr Vertrauen zu danken."},{"@type":"BreadcrumbList","@id":"https:\/\/me-international.de\/en\/news-and-events\/me-expands-to-austria-and-switzerland\/#breadcrumb","itemListElement":[{"@type":"ListItem","position":1,"name":"News &amp; Events","item":"https:\/\/me-international.de\/en\/news-and-events\/"},{"@type":"ListItem","position":2,"name":"ME expands to Austria and Switzerland"}]},{"@type":"WebSite","@id":"https:\/\/me-international.de\/en\/#website","url":"https:\/\/me-international.de\/en\/","name":"ME International","description":"Mit unseren Produkten erleichtern wir die t\u00e4gliche Arbeit unseren Kunden auf der ganzen Welt und tragen zum Tierwohl bei.","publisher":{"@id":"https:\/\/me-international.de\/en\/#organization"},"potentialAction":[{"@type":"SearchAction","target":{"@type":"EntryPoint","urlTemplate":"https:\/\/me-international.de\/en\/?s={search_term_string}"},"query-input":"required name=search_term_string"}],"inLanguage":"en-US"},{"@type":"Organization","@id":"https:\/\/me-international.de\/en\/#organization","name":"ME International","url":"https:\/\/me-international.de\/en\/","logo":{"@type":"ImageObject","inLanguage":"en-US","@id":"https:\/\/me-international.de\/en\/#\/schema\/logo\/image\/","url":"https:\/\/me-international.de\/wp-content\/uploads\/cropped-logo_me-international-1.png","contentUrl":"https:\/\/me-international.de\/wp-content\/uploads\/cropped-logo_me-international-1.png","width":500,"height":281,"caption":"ME International"},"image":{"@id":"https:\/\/me-international.de\/en\/#\/schema\/logo\/image\/"}},{"@type":"Person","@id":"https:\/\/me-international.de\/en\/#\/schema\/person\/f0fbd1a7c11e714eb547f3500caaf071","name":"@dm1n","image":{"@type":"ImageObject","inLanguage":"en-US","@id":"https:\/\/me-international.de\/en\/#\/schema\/person\/image\/","url":"https:\/\/secure.gravatar.com\/avatar\/ceee8cbdab3215a28a59ca59cf617002?s=96&d=mm&r=g","contentUrl":"https:\/\/secure.gravatar.com\/avatar\/ceee8cbdab3215a28a59ca59cf617002?s=96&d=mm&r=g","caption":"@dm1n"}}]}},"_links":{"self":[{"href":"https:\/\/me-international.de\/en\/wp-json\/wp\/v2\/posts\/1656"}],"collection":[{"href":"https:\/\/me-international.de\/en\/wp-json\/wp\/v2\/posts"}],"about":[{"href":"https:\/\/me-international.de\/en\/wp-json\/wp\/v2\/types\/post"}],"author":[{"embeddable":true,"href":"https:\/\/me-international.de\/en\/wp-json\/wp\/v2\/users\/1"}],"replies":[{"embeddable":true,"href":"https:\/\/me-international.de\/en\/wp-json\/wp\/v2\/comments?post=1656"}],"version-history":[{"count":0,"href":"https:\/\/me-international.de\/en\/wp-json\/wp\/v2\/posts\/1656\/revisions"}],"wp:featuredmedia":[{"embeddable":true,"href":"https:\/\/me-international.de\/en\/wp-json\/wp\/v2\/media\/1668"}],"wp:attachment":[{"href":"https:\/\/me-international.de\/en\/wp-json\/wp\/v2\/media?parent=1656"}],"wp:term":[{"taxonomy":"category","embeddable":true,"href":"https:\/\/me-international.de\/en\/wp-json\/wp\/v2\/categories?post=1656"},{"taxonomy":"post_tag","embeddable":true,"href":"https:\/\/me-international.de\/en\/wp-json\/wp\/v2\/tags?post=1656"}],"curies":[{"name":"wp","href":"https:\/\/api.w.org\/{rel}","templated":true}]}}